{"id":1739,"date":"2018-10-10T10:34:43","date_gmt":"2018-10-10T10:34:43","guid":{"rendered":"http:\/\/aasfdev.4x4host.com\/?p=1739"},"modified":"2023-09-12T15:03:47","modified_gmt":"2023-09-12T15:03:47","slug":"aatsf-merr-pjese-ne-festen-e-molles-ne-korce","status":"publish","type":"post","link":"https:\/\/aatsf.com.al\/sq\/aatsf-merr-pjese-ne-festen-e-molles-ne-korce\/","title":{"rendered":"AATSF merr pjes\u00eb n\u00eb fest\u00ebn e moll\u00ebs n\u00eb Kor\u00e7\u00eb"},"content":{"rendered":"<p><img loading=\"lazy\" decoding=\"async\" class=\" wp-image-1744 alignleft\" src=\"http:\/\/aasfdev.4x4host.com\/wp-content\/uploads\/2018\/10\/aasf_korce-300x211.jpg\" alt=\"\" width=\"273\" height=\"192\" srcset=\"https:\/\/aatsf.com.al\/wp-content\/uploads\/2018\/10\/aasf_korce-300x211.jpg 300w, https:\/\/aatsf.com.al\/wp-content\/uploads\/2018\/10\/aasf_korce-100x70.jpg 100w, https:\/\/aatsf.com.al\/wp-content\/uploads\/2018\/10\/aasf_korce-597x420.jpg 597w, https:\/\/aatsf.com.al\/wp-content\/uploads\/2018\/10\/aasf_korce.jpg 600w\" sizes=\"auto, (max-width: 273px) 100vw, 273px\" \/><\/p>\n<p>M\u00eb 6 tetor 2018, AATSF mori pjes\u00eb n\u00eb eventin e \u201cFest\u00ebs s\u00eb Moll\u00ebs\u201d n\u00eb Mollaj t\u00eb Kor\u00e7\u00ebs. Eventi i organizuar nga Bashkia e Kor\u00e7\u00ebs kishte p\u00ebr q\u00ebllim mbledhjen e prodhuesve t\u00eb moll\u00ebs nga qarku i Kor\u00e7\u00ebs si dhe promovimin e prodhimet e tyre. T\u00eb pranish\u00ebm n\u00eb k\u00ebt\u00eb event ishin edhe Ministri i Bujq\u00ebsis\u00eb dhe Zhvillimit Rural, z. Niko Peleshi dhe Kryetari i Bashkis\u00eb s\u00eb Kor\u00e7\u00ebs, z. Sotiraq Filo. Gjat\u00eb k\u00ebtij aktiviteti AATSF informoi prodhuesit vendas rreth programit t\u00eb saj si dhe mund\u00ebsit\u00eb e financimit q\u00eb Institucionet Financiare partnere t\u00eb AATSF ofrojn\u00eb p\u00ebr fermer\u00ebt dhe agrobizneset.<\/p>\n","protected":false},"excerpt":{"rendered":"<p>M\u00eb 6 tetor 2018, AATSF mori pjes\u00eb n\u00eb eventin e \u201cFest\u00ebs s\u00eb Moll\u00ebs\u201d n\u00eb Mollaj t\u00eb Kor\u00e7\u00ebs. Eventi i organizuar nga Bashkia e Kor\u00e7\u00ebs kishte p\u00ebr q\u00ebllim mbledhjen e prodhuesve t\u00eb moll\u00ebs nga qarku i Kor\u00e7\u00ebs si dhe promovimin e prodhimet e tyre. T\u00eb pranish\u00ebm n\u00eb k\u00ebt\u00eb event ishin edhe Ministri i Bujq\u00ebsis\u00eb dhe Zhvillimit [&hellip;]<\/p>\n","protected":false},"author":1,"featured_media":1746,"comment_status":"open","ping_status":"open","sticky":false,"template":"","format":"standard","meta":{"footnotes":""},"categories":[52],"tags":[],"class_list":["post-1739","post","type-post","status-publish","format-standard","has-post-thumbnail","hentry","category-aktivitete"],"yoast_head":"<!-- This site is optimized with the Yoast SEO plugin v25.6 - https:\/\/yoast.com\/wordpress\/plugins\/seo\/ -->\n<title>AATSF merr pjes\u00eb n\u00eb fest\u00ebn e moll\u00ebs n\u00eb Kor\u00e7\u00eb - AATSF<\/title>\n<meta name=\"robots\" content=\"index, follow, max-snippet:-1, max-image-preview:large, max-video-preview:-1\" \/>\n<link rel=\"canonical\" href=\"https:\/\/aatsf.com.al\/aasf-attends-the-apple-fest-event-in-korca\/\" \/>\n<meta property=\"og:locale\" content=\"sq_AL\" \/>\n<meta property=\"og:type\" content=\"article\" \/>\n<meta property=\"og:title\" content=\"AATSF merr pjes\u00eb n\u00eb fest\u00ebn e moll\u00ebs n\u00eb Kor\u00e7\u00eb - AATSF\" \/>\n<meta property=\"og:description\" content=\"M\u00eb 6 tetor 2018, AATSF mori pjes\u00eb n\u00eb eventin e \u201cFest\u00ebs s\u00eb Moll\u00ebs\u201d n\u00eb Mollaj t\u00eb Kor\u00e7\u00ebs. Eventi i organizuar nga Bashkia e Kor\u00e7\u00ebs kishte p\u00ebr q\u00ebllim mbledhjen e prodhuesve t\u00eb moll\u00ebs nga qarku i Kor\u00e7\u00ebs si dhe promovimin e prodhimet e tyre. T\u00eb pranish\u00ebm n\u00eb k\u00ebt\u00eb event ishin edhe Ministri i Bujq\u00ebsis\u00eb dhe Zhvillimit [&hellip;]\" \/>\n<meta property=\"og:url\" content=\"https:\/\/aatsf.com.al\/aasf-attends-the-apple-fest-event-in-korca\/\" \/>\n<meta property=\"og:site_name\" content=\"AATSF\" \/>\n<meta property=\"article:published_time\" content=\"2018-10-10T10:34:43+00:00\" \/>\n<meta property=\"article:modified_time\" content=\"2023-09-12T15:03:47+00:00\" \/>\n<meta property=\"og:image\" content=\"https:\/\/aatsf.com.al\/wp-content\/uploads\/2018\/10\/aasf_korce2.jpg\" \/>\n\t<meta property=\"og:image:width\" content=\"1028\" \/>\n\t<meta property=\"og:image:height\" content=\"634\" \/>\n\t<meta property=\"og:image:type\" content=\"image\/jpeg\" \/>\n<meta name=\"author\" content=\"adminx\" \/>\n<meta name=\"twitter:card\" content=\"summary_large_image\" \/>\n<meta name=\"twitter:label1\" content=\"Written by\" \/>\n\t<meta name=\"twitter:data1\" content=\"adminx\" \/>\n\t<meta name=\"twitter:label2\" content=\"Est. reading time\" \/>\n\t<meta name=\"twitter:data2\" content=\"1 minute\" \/>\n<script type=\"application\/ld+json\" class=\"yoast-schema-graph\">{\"@context\":\"https:\/\/schema.org\",\"@graph\":[{\"@type\":\"Article\",\"@id\":\"https:\/\/aatsf.com.al\/aasf-attends-the-apple-fest-event-in-korca\/#article\",\"isPartOf\":{\"@id\":\"https:\/\/aatsf.com.al\/aasf-attends-the-apple-fest-event-in-korca\/\"},\"author\":{\"name\":\"adminx\",\"@id\":\"https:\/\/aatsf.com.al\/#\/schema\/person\/5a21c2659b898c6f32aea890dda88af4\"},\"headline\":\"AATSF merr pjes\u00eb n\u00eb fest\u00ebn e moll\u00ebs n\u00eb Kor\u00e7\u00eb\",\"datePublished\":\"2018-10-10T10:34:43+00:00\",\"dateModified\":\"2023-09-12T15:03:47+00:00\",\"mainEntityOfPage\":{\"@id\":\"https:\/\/aatsf.com.al\/aasf-attends-the-apple-fest-event-in-korca\/\"},\"wordCount\":120,\"commentCount\":0,\"publisher\":{\"@id\":\"https:\/\/aatsf.com.al\/#organization\"},\"image\":{\"@id\":\"https:\/\/aatsf.com.al\/aasf-attends-the-apple-fest-event-in-korca\/#primaryimage\"},\"thumbnailUrl\":\"https:\/\/aatsf.com.al\/wp-content\/uploads\/2018\/10\/aasf_korce2.jpg\",\"articleSection\":[\"Aktivitete\"],\"inLanguage\":\"sq-AL\",\"potentialAction\":[{\"@type\":\"CommentAction\",\"name\":\"Comment\",\"target\":[\"https:\/\/aatsf.com.al\/aasf-attends-the-apple-fest-event-in-korca\/#respond\"]}]},{\"@type\":\"WebPage\",\"@id\":\"https:\/\/aatsf.com.al\/aasf-attends-the-apple-fest-event-in-korca\/\",\"url\":\"https:\/\/aatsf.com.al\/aasf-attends-the-apple-fest-event-in-korca\/\",\"name\":\"AATSF merr pjes\u00eb n\u00eb fest\u00ebn e moll\u00ebs n\u00eb Kor\u00e7\u00eb - AATSF\",\"isPartOf\":{\"@id\":\"https:\/\/aatsf.com.al\/#website\"},\"primaryImageOfPage\":{\"@id\":\"https:\/\/aatsf.com.al\/aasf-attends-the-apple-fest-event-in-korca\/#primaryimage\"},\"image\":{\"@id\":\"https:\/\/aatsf.com.al\/aasf-attends-the-apple-fest-event-in-korca\/#primaryimage\"},\"thumbnailUrl\":\"https:\/\/aatsf.com.al\/wp-content\/uploads\/2018\/10\/aasf_korce2.jpg\",\"datePublished\":\"2018-10-10T10:34:43+00:00\",\"dateModified\":\"2023-09-12T15:03:47+00:00\",\"breadcrumb\":{\"@id\":\"https:\/\/aatsf.com.al\/aasf-attends-the-apple-fest-event-in-korca\/#breadcrumb\"},\"inLanguage\":\"sq-AL\",\"potentialAction\":[{\"@type\":\"ReadAction\",\"target\":[\"https:\/\/aatsf.com.al\/aasf-attends-the-apple-fest-event-in-korca\/\"]}]},{\"@type\":\"ImageObject\",\"inLanguage\":\"sq-AL\",\"@id\":\"https:\/\/aatsf.com.al\/aasf-attends-the-apple-fest-event-in-korca\/#primaryimage\",\"url\":\"https:\/\/aatsf.com.al\/wp-content\/uploads\/2018\/10\/aasf_korce2.jpg\",\"contentUrl\":\"https:\/\/aatsf.com.al\/wp-content\/uploads\/2018\/10\/aasf_korce2.jpg\",\"width\":1028,\"height\":634},{\"@type\":\"BreadcrumbList\",\"@id\":\"https:\/\/aatsf.com.al\/aasf-attends-the-apple-fest-event-in-korca\/#breadcrumb\",\"itemListElement\":[{\"@type\":\"ListItem\",\"position\":1,\"name\":\"Home\",\"item\":\"https:\/\/aatsf.com.al\/\"},{\"@type\":\"ListItem\",\"position\":2,\"name\":\"AATSF merr pjes\u00eb n\u00eb fest\u00ebn e moll\u00ebs n\u00eb Kor\u00e7\u00eb\"}]},{\"@type\":\"WebSite\",\"@id\":\"https:\/\/aatsf.com.al\/#website\",\"url\":\"https:\/\/aatsf.com.al\/\",\"name\":\"AATSF\",\"description\":\"Albanian Agribusiness and Tourism Support Facility\",\"publisher\":{\"@id\":\"https:\/\/aatsf.com.al\/#organization\"},\"potentialAction\":[{\"@type\":\"SearchAction\",\"target\":{\"@type\":\"EntryPoint\",\"urlTemplate\":\"https:\/\/aatsf.com.al\/?s={search_term_string}\"},\"query-input\":{\"@type\":\"PropertyValueSpecification\",\"valueRequired\":true,\"valueName\":\"search_term_string\"}}],\"inLanguage\":\"sq-AL\"},{\"@type\":\"Organization\",\"@id\":\"https:\/\/aatsf.com.al\/#organization\",\"name\":\"AATSF\",\"url\":\"https:\/\/aatsf.com.al\/\",\"logo\":{\"@type\":\"ImageObject\",\"inLanguage\":\"sq-AL\",\"@id\":\"https:\/\/aatsf.com.al\/#\/schema\/logo\/image\/\",\"url\":\"https:\/\/aatsf.com.al\/wp-content\/uploads\/2023\/03\/aatsf_logo-08-1.png\",\"contentUrl\":\"https:\/\/aatsf.com.al\/wp-content\/uploads\/2023\/03\/aatsf_logo-08-1.png\",\"width\":280,\"height\":74,\"caption\":\"AATSF\"},\"image\":{\"@id\":\"https:\/\/aatsf.com.al\/#\/schema\/logo\/image\/\"}},{\"@type\":\"Person\",\"@id\":\"https:\/\/aatsf.com.al\/#\/schema\/person\/5a21c2659b898c6f32aea890dda88af4\",\"name\":\"adminx\",\"image\":{\"@type\":\"ImageObject\",\"inLanguage\":\"sq-AL\",\"@id\":\"https:\/\/aatsf.com.al\/#\/schema\/person\/image\/\",\"url\":\"https:\/\/secure.gravatar.com\/avatar\/9ffbdfa062cf23da6d447dbd1e2c51000ce617056b558f300f9b2057a7d59934?s=96&d=mm&r=g\",\"contentUrl\":\"https:\/\/secure.gravatar.com\/avatar\/9ffbdfa062cf23da6d447dbd1e2c51000ce617056b558f300f9b2057a7d59934?s=96&d=mm&r=g\",\"caption\":\"adminx\"},\"url\":\"https:\/\/aatsf.com.al\/sq\/author\/adminx\/\"}]}<\/script>\n<!-- \/ Yoast SEO plugin. -->","yoast_head_json":{"title":"AATSF merr pjes\u00eb n\u00eb fest\u00ebn e moll\u00ebs n\u00eb Kor\u00e7\u00eb - AATSF","robots":{"index":"index","follow":"follow","max-snippet":"max-snippet:-1","max-image-preview":"max-image-preview:large","max-video-preview":"max-video-preview:-1"},"canonical":"https:\/\/aatsf.com.al\/aasf-attends-the-apple-fest-event-in-korca\/","og_locale":"sq_AL","og_type":"article","og_title":"AATSF merr pjes\u00eb n\u00eb fest\u00ebn e moll\u00ebs n\u00eb Kor\u00e7\u00eb - AATSF","og_description":"M\u00eb 6 tetor 2018, AATSF mori pjes\u00eb n\u00eb eventin e \u201cFest\u00ebs s\u00eb Moll\u00ebs\u201d n\u00eb Mollaj t\u00eb Kor\u00e7\u00ebs. Eventi i organizuar nga Bashkia e Kor\u00e7\u00ebs kishte p\u00ebr q\u00ebllim mbledhjen e prodhuesve t\u00eb moll\u00ebs nga qarku i Kor\u00e7\u00ebs si dhe promovimin e prodhimet e tyre. T\u00eb pranish\u00ebm n\u00eb k\u00ebt\u00eb event ishin edhe Ministri i Bujq\u00ebsis\u00eb dhe Zhvillimit [&hellip;]","og_url":"https:\/\/aatsf.com.al\/aasf-attends-the-apple-fest-event-in-korca\/","og_site_name":"AATSF","article_published_time":"2018-10-10T10:34:43+00:00","article_modified_time":"2023-09-12T15:03:47+00:00","og_image":[{"width":1028,"height":634,"url":"https:\/\/aatsf.com.al\/wp-content\/uploads\/2018\/10\/aasf_korce2.jpg","type":"image\/jpeg"}],"author":"adminx","twitter_card":"summary_large_image","twitter_misc":{"Written by":"adminx","Est. reading time":"1 minute"},"schema":{"@context":"https:\/\/schema.org","@graph":[{"@type":"Article","@id":"https:\/\/aatsf.com.al\/aasf-attends-the-apple-fest-event-in-korca\/#article","isPartOf":{"@id":"https:\/\/aatsf.com.al\/aasf-attends-the-apple-fest-event-in-korca\/"},"author":{"name":"adminx","@id":"https:\/\/aatsf.com.al\/#\/schema\/person\/5a21c2659b898c6f32aea890dda88af4"},"headline":"AATSF merr pjes\u00eb n\u00eb fest\u00ebn e moll\u00ebs n\u00eb Kor\u00e7\u00eb","datePublished":"2018-10-10T10:34:43+00:00","dateModified":"2023-09-12T15:03:47+00:00","mainEntityOfPage":{"@id":"https:\/\/aatsf.com.al\/aasf-attends-the-apple-fest-event-in-korca\/"},"wordCount":120,"commentCount":0,"publisher":{"@id":"https:\/\/aatsf.com.al\/#organization"},"image":{"@id":"https:\/\/aatsf.com.al\/aasf-attends-the-apple-fest-event-in-korca\/#primaryimage"},"thumbnailUrl":"https:\/\/aatsf.com.al\/wp-content\/uploads\/2018\/10\/aasf_korce2.jpg","articleSection":["Aktivitete"],"inLanguage":"sq-AL","potentialAction":[{"@type":"CommentAction","name":"Comment","target":["https:\/\/aatsf.com.al\/aasf-attends-the-apple-fest-event-in-korca\/#respond"]}]},{"@type":"WebPage","@id":"https:\/\/aatsf.com.al\/aasf-attends-the-apple-fest-event-in-korca\/","url":"https:\/\/aatsf.com.al\/aasf-attends-the-apple-fest-event-in-korca\/","name":"AATSF merr pjes\u00eb n\u00eb fest\u00ebn e moll\u00ebs n\u00eb Kor\u00e7\u00eb - AATSF","isPartOf":{"@id":"https:\/\/aatsf.com.al\/#website"},"primaryImageOfPage":{"@id":"https:\/\/aatsf.com.al\/aasf-attends-the-apple-fest-event-in-korca\/#primaryimage"},"image":{"@id":"https:\/\/aatsf.com.al\/aasf-attends-the-apple-fest-event-in-korca\/#primaryimage"},"thumbnailUrl":"https:\/\/aatsf.com.al\/wp-content\/uploads\/2018\/10\/aasf_korce2.jpg","datePublished":"2018-10-10T10:34:43+00:00","dateModified":"2023-09-12T15:03:47+00:00","breadcrumb":{"@id":"https:\/\/aatsf.com.al\/aasf-attends-the-apple-fest-event-in-korca\/#breadcrumb"},"inLanguage":"sq-AL","potentialAction":[{"@type":"ReadAction","target":["https:\/\/aatsf.com.al\/aasf-attends-the-apple-fest-event-in-korca\/"]}]},{"@type":"ImageObject","inLanguage":"sq-AL","@id":"https:\/\/aatsf.com.al\/aasf-attends-the-apple-fest-event-in-korca\/#primaryimage","url":"https:\/\/aatsf.com.al\/wp-content\/uploads\/2018\/10\/aasf_korce2.jpg","contentUrl":"https:\/\/aatsf.com.al\/wp-content\/uploads\/2018\/10\/aasf_korce2.jpg","width":1028,"height":634},{"@type":"BreadcrumbList","@id":"https:\/\/aatsf.com.al\/aasf-attends-the-apple-fest-event-in-korca\/#breadcrumb","itemListElement":[{"@type":"ListItem","position":1,"name":"Home","item":"https:\/\/aatsf.com.al\/"},{"@type":"ListItem","position":2,"name":"AATSF merr pjes\u00eb n\u00eb fest\u00ebn e moll\u00ebs n\u00eb Kor\u00e7\u00eb"}]},{"@type":"WebSite","@id":"https:\/\/aatsf.com.al\/#website","url":"https:\/\/aatsf.com.al\/","name":"AATSF","description":"Albanian Agribusiness and Tourism Support Facility","publisher":{"@id":"https:\/\/aatsf.com.al\/#organization"},"potentialAction":[{"@type":"SearchAction","target":{"@type":"EntryPoint","urlTemplate":"https:\/\/aatsf.com.al\/?s={search_term_string}"},"query-input":{"@type":"PropertyValueSpecification","valueRequired":true,"valueName":"search_term_string"}}],"inLanguage":"sq-AL"},{"@type":"Organization","@id":"https:\/\/aatsf.com.al\/#organization","name":"AATSF","url":"https:\/\/aatsf.com.al\/","logo":{"@type":"ImageObject","inLanguage":"sq-AL","@id":"https:\/\/aatsf.com.al\/#\/schema\/logo\/image\/","url":"https:\/\/aatsf.com.al\/wp-content\/uploads\/2023\/03\/aatsf_logo-08-1.png","contentUrl":"https:\/\/aatsf.com.al\/wp-content\/uploads\/2023\/03\/aatsf_logo-08-1.png","width":280,"height":74,"caption":"AATSF"},"image":{"@id":"https:\/\/aatsf.com.al\/#\/schema\/logo\/image\/"}},{"@type":"Person","@id":"https:\/\/aatsf.com.al\/#\/schema\/person\/5a21c2659b898c6f32aea890dda88af4","name":"adminx","image":{"@type":"ImageObject","inLanguage":"sq-AL","@id":"https:\/\/aatsf.com.al\/#\/schema\/person\/image\/","url":"https:\/\/secure.gravatar.com\/avatar\/9ffbdfa062cf23da6d447dbd1e2c51000ce617056b558f300f9b2057a7d59934?s=96&d=mm&r=g","contentUrl":"https:\/\/secure.gravatar.com\/avatar\/9ffbdfa062cf23da6d447dbd1e2c51000ce617056b558f300f9b2057a7d59934?s=96&d=mm&r=g","caption":"adminx"},"url":"https:\/\/aatsf.com.al\/sq\/author\/adminx\/"}]}},"_links":{"self":[{"href":"https:\/\/aatsf.com.al\/sq\/wp-json\/wp\/v2\/posts\/1739","targetHints":{"allow":["GET"]}}],"collection":[{"href":"https:\/\/aatsf.com.al\/sq\/wp-json\/wp\/v2\/posts"}],"about":[{"href":"https:\/\/aatsf.com.al\/sq\/wp-json\/wp\/v2\/types\/post"}],"author":[{"embeddable":true,"href":"https:\/\/aatsf.com.al\/sq\/wp-json\/wp\/v2\/users\/1"}],"replies":[{"embeddable":true,"href":"https:\/\/aatsf.com.al\/sq\/wp-json\/wp\/v2\/comments?post=1739"}],"version-history":[{"count":4,"href":"https:\/\/aatsf.com.al\/sq\/wp-json\/wp\/v2\/posts\/1739\/revisions"}],"predecessor-version":[{"id":3966,"href":"https:\/\/aatsf.com.al\/sq\/wp-json\/wp\/v2\/posts\/1739\/revisions\/3966"}],"wp:featuredmedia":[{"embeddable":true,"href":"https:\/\/aatsf.com.al\/sq\/wp-json\/wp\/v2\/media\/1746"}],"wp:attachment":[{"href":"https:\/\/aatsf.com.al\/sq\/wp-json\/wp\/v2\/media?parent=1739"}],"wp:term":[{"taxonomy":"category","embeddable":true,"href":"https:\/\/aatsf.com.al\/sq\/wp-json\/wp\/v2\/categories?post=1739"},{"taxonomy":"post_tag","embeddable":true,"href":"https:\/\/aatsf.com.al\/sq\/wp-json\/wp\/v2\/tags?post=1739"}],"curies":[{"name":"wp","href":"https:\/\/api.w.org\/{rel}","templated":true}]}}